{"id":4935,"date":"2025-12-11T09:12:04","date_gmt":"2025-12-11T08:12:04","guid":{"rendered":"https:\/\/ecolelibrelamorteau.be\/?p=4935"},"modified":"2025-12-11T10:40:17","modified_gmt":"2025-12-11T09:40:17","slug":"ateliers-artistiques","status":"publish","type":"post","link":"https:\/\/ecolelibrelamorteau.be\/index.php\/2025\/12\/11\/ateliers-artistiques\/","title":{"rendered":"Ateliers artistiques"},"content":{"rendered":"<p><img loading=\"lazy\" class=\"alignnone size-medium wp-image-4940\" src=\"https:\/\/ecolelibrelamorteau.be\/wp-content\/uploads\/2025\/12\/1000034077-300x300.jpg\" alt=\"\" width=\"300\" height=\"300\" srcset=\"https:\/\/ecolelibrelamorteau.be\/wp-content\/uploads\/2025\/12\/1000034077-300x300.jpg 300w, https:\/\/ecolelibrelamorteau.be\/wp-content\/uploads\/2025\/12\/1000034077-1024x1024.jpg 1024w, https:\/\/ecolelibrelamorteau.be\/wp-content\/uploads\/2025\/12\/1000034077-150x150.jpg 150w, https:\/\/ecolelibrelamorteau.be\/wp-content\/uploads\/2025\/12\/1000034077-768x768.jpg 768w, https:\/\/ecolelibrelamorteau.be\/wp-content\/uploads\/2025\/12\/1000034077-1536x1536.jpg 1536w, https:\/\/ecolelibrelamorteau.be\/wp-content\/uploads\/2025\/12\/1000034077-2048x2048.jpg 2048w, https:\/\/ecolelibrelamorteau.be\/wp-content\/uploads\/2025\/12\/1000034077-520x520.jpg 520w, https:\/\/ecolelibrelamorteau.be\/wp-content\/uploads\/2025\/12\/1000034077-740x740.jpg 740w\" sizes=\"(max-width: 300px) 100vw, 300px\" \/><img loading=\"lazy\" class=\"alignnone size-medium wp-image-4939\" src=\"https:\/\/ecolelibrelamorteau.be\/wp-content\/uploads\/2025\/12\/1000034073-300x300.jpg\" alt=\"\" width=\"300\" height=\"300\" srcset=\"https:\/\/ecolelibrelamorteau.be\/wp-content\/uploads\/2025\/12\/1000034073-300x300.jpg 300w, https:\/\/ecolelibrelamorteau.be\/wp-content\/uploads\/2025\/12\/1000034073-1024x1024.jpg 1024w, https:\/\/ecolelibrelamorteau.be\/wp-content\/uploads\/2025\/12\/1000034073-150x150.jpg 150w, https:\/\/ecolelibrelamorteau.be\/wp-content\/uploads\/2025\/12\/1000034073-768x768.jpg 768w, https:\/\/ecolelibrelamorteau.be\/wp-content\/uploads\/2025\/12\/1000034073-1536x1536.jpg 1536w, https:\/\/ecolelibrelamorteau.be\/wp-content\/uploads\/2025\/12\/1000034073-2048x2048.jpg 2048w, https:\/\/ecolelibrelamorteau.be\/wp-content\/uploads\/2025\/12\/1000034073-520x520.jpg 520w, https:\/\/ecolelibrelamorteau.be\/wp-content\/uploads\/2025\/12\/1000034073-740x740.jpg 740w\" sizes=\"(max-width: 300px) 100vw, 300px\" \/><img loading=\"lazy\" class=\"alignnone size-medium wp-image-4938\" src=\"https:\/\/ecolelibrelamorteau.be\/wp-content\/uploads\/2025\/12\/1000034112-300x300.jpg\" alt=\"\" width=\"300\" height=\"300\" srcset=\"https:\/\/ecolelibrelamorteau.be\/wp-content\/uploads\/2025\/12\/1000034112-300x300.jpg 300w, https:\/\/ecolelibrelamorteau.be\/wp-content\/uploads\/2025\/12\/1000034112-1024x1024.jpg 1024w, https:\/\/ecolelibrelamorteau.be\/wp-content\/uploads\/2025\/12\/1000034112-150x150.jpg 150w, https:\/\/ecolelibrelamorteau.be\/wp-content\/uploads\/2025\/12\/1000034112-768x768.jpg 768w, https:\/\/ecolelibrelamorteau.be\/wp-content\/uploads\/2025\/12\/1000034112-1536x1536.jpg 1536w, https:\/\/ecolelibrelamorteau.be\/wp-content\/uploads\/2025\/12\/1000034112-2048x2048.jpg 2048w, https:\/\/ecolelibrelamorteau.be\/wp-content\/uploads\/2025\/12\/1000034112-520x520.jpg 520w, https:\/\/ecolelibrelamorteau.be\/wp-content\/uploads\/2025\/12\/1000034112-740x740.jpg 740w\" sizes=\"(max-width: 300px) 100vw, 300px\" \/><\/p>\n<p>Une apr\u00e8s-midi par semaine tous les enfants de maternelle se retrouvent pour des ateliers artistiques.<\/p>\n<p>\u0152uvres r\u00e9alis\u00e9es \u00e0 partir d&rsquo;un artiste, en fonction de la p\u00e9riode&#8230;un moment cr\u00e9atif et de coop\u00e9ration entre petits et grands.<\/p>\n","protected":false},"excerpt":{"rendered":"<p>Une apr\u00e8s-midi par semaine tous les enfants de maternelle se retrouvent pour des ateliers artistiques. \u0152uvres r\u00e9alis\u00e9es \u00e0 partir d&rsquo;un artiste, en fonction de la p\u00e9riode&#8230;un moment cr\u00e9atif et de coop\u00e9ration entre petits et grands.<\/p>\n","protected":false},"author":15,"featured_media":4938,"comment_status":"open","ping_status":"open","sticky":false,"template":"","format":"standard","meta":[],"categories":[1],"tags":[],"yoast_head":"<!-- This site is optimized with the Yoast SEO plugin v15.9 - https:\/\/yoast.com\/wordpress\/plugins\/seo\/ -->\n<title>Ateliers artistiques - Ecole libre fondamentale - Lamorteau<\/title>\n<meta name=\"robots\" content=\"index, follow, max-snippet:-1, max-image-preview:large, max-video-preview:-1\" \/>\n<link rel=\"canonical\" href=\"https:\/\/ecolelibrelamorteau.be\/index.php\/2025\/12\/11\/ateliers-artistiques\/\" \/>\n<meta property=\"og:locale\" content=\"fr_FR\" \/>\n<meta property=\"og:type\" content=\"article\" \/>\n<meta property=\"og:title\" content=\"Ateliers artistiques - Ecole libre fondamentale - Lamorteau\" \/>\n<meta property=\"og:description\" content=\"Une apr\u00e8s-midi par semaine tous les enfants de maternelle se retrouvent pour des ateliers artistiques. \u0152uvres r\u00e9alis\u00e9es \u00e0 partir d&rsquo;un artiste, en fonction de la p\u00e9riode&#8230;un moment cr\u00e9atif et de coop\u00e9ration entre petits et grands.\" \/>\n<meta property=\"og:url\" content=\"https:\/\/ecolelibrelamorteau.be\/index.php\/2025\/12\/11\/ateliers-artistiques\/\" \/>\n<meta property=\"og:site_name\" content=\"Ecole libre fondamentale - Lamorteau\" \/>\n<meta property=\"article:published_time\" content=\"2025-12-11T08:12:04+00:00\" \/>\n<meta property=\"article:modified_time\" content=\"2025-12-11T09:40:17+00:00\" \/>\n<meta property=\"og:image\" content=\"https:\/\/ecolelibrelamorteau.be\/wp-content\/uploads\/2025\/12\/1000034112-scaled.jpg\" \/>\n\t<meta property=\"og:image:width\" content=\"2560\" \/>\n\t<meta property=\"og:image:height\" content=\"2560\" \/>\n<meta name=\"twitter:card\" content=\"summary_large_image\" \/>\n<meta name=\"twitter:label1\" content=\"Dur\u00e9e de lecture est.\">\n\t<meta name=\"twitter:data1\" content=\"1 minute\">\n<script type=\"application\/ld+json\" class=\"yoast-schema-graph\">{\"@context\":\"https:\/\/schema.org\",\"@graph\":[{\"@type\":\"WebSite\",\"@id\":\"https:\/\/ecolelibrelamorteau.be\/#website\",\"url\":\"https:\/\/ecolelibrelamorteau.be\/\",\"name\":\"Ecole libre fondamentale - Lamorteau\",\"description\":\"Toutes les fleurs de l&#039;avenir sont dans les semences d&#039;aujourd&#039;hui...\",\"potentialAction\":[{\"@type\":\"SearchAction\",\"target\":\"https:\/\/ecolelibrelamorteau.be\/?s={search_term_string}\",\"query-input\":\"required name=search_term_string\"}],\"inLanguage\":\"fr-FR\"},{\"@type\":\"ImageObject\",\"@id\":\"https:\/\/ecolelibrelamorteau.be\/index.php\/2025\/12\/11\/ateliers-artistiques\/#primaryimage\",\"inLanguage\":\"fr-FR\",\"url\":\"https:\/\/ecolelibrelamorteau.be\/wp-content\/uploads\/2025\/12\/1000034112-scaled.jpg\",\"width\":2560,\"height\":2560},{\"@type\":\"WebPage\",\"@id\":\"https:\/\/ecolelibrelamorteau.be\/index.php\/2025\/12\/11\/ateliers-artistiques\/#webpage\",\"url\":\"https:\/\/ecolelibrelamorteau.be\/index.php\/2025\/12\/11\/ateliers-artistiques\/\",\"name\":\"Ateliers artistiques - Ecole libre fondamentale - Lamorteau\",\"isPartOf\":{\"@id\":\"https:\/\/ecolelibrelamorteau.be\/#website\"},\"primaryImageOfPage\":{\"@id\":\"https:\/\/ecolelibrelamorteau.be\/index.php\/2025\/12\/11\/ateliers-artistiques\/#primaryimage\"},\"datePublished\":\"2025-12-11T08:12:04+00:00\",\"dateModified\":\"2025-12-11T09:40:17+00:00\",\"author\":{\"@id\":\"https:\/\/ecolelibrelamorteau.be\/#\/schema\/person\/145f97ff86f2e8564253b429c563d88c\"},\"breadcrumb\":{\"@id\":\"https:\/\/ecolelibrelamorteau.be\/index.php\/2025\/12\/11\/ateliers-artistiques\/#breadcrumb\"},\"inLanguage\":\"fr-FR\",\"potentialAction\":[{\"@type\":\"ReadAction\",\"target\":[\"https:\/\/ecolelibrelamorteau.be\/index.php\/2025\/12\/11\/ateliers-artistiques\/\"]}]},{\"@type\":\"BreadcrumbList\",\"@id\":\"https:\/\/ecolelibrelamorteau.be\/index.php\/2025\/12\/11\/ateliers-artistiques\/#breadcrumb\",\"itemListElement\":[{\"@type\":\"ListItem\",\"position\":1,\"item\":{\"@type\":\"WebPage\",\"@id\":\"https:\/\/ecolelibrelamorteau.be\/\",\"url\":\"https:\/\/ecolelibrelamorteau.be\/\",\"name\":\"Accueil\"}},{\"@type\":\"ListItem\",\"position\":2,\"item\":{\"@type\":\"WebPage\",\"@id\":\"https:\/\/ecolelibrelamorteau.be\/index.php\/2025\/12\/11\/ateliers-artistiques\/\",\"url\":\"https:\/\/ecolelibrelamorteau.be\/index.php\/2025\/12\/11\/ateliers-artistiques\/\",\"name\":\"Ateliers artistiques\"}}]},{\"@type\":\"Person\",\"@id\":\"https:\/\/ecolelibrelamorteau.be\/#\/schema\/person\/145f97ff86f2e8564253b429c563d88c\",\"name\":\"Emilie Arnould\",\"image\":{\"@type\":\"ImageObject\",\"@id\":\"https:\/\/ecolelibrelamorteau.be\/#personlogo\",\"inLanguage\":\"fr-FR\",\"url\":\"https:\/\/secure.gravatar.com\/avatar\/a948dc8e6b61bc3a25a897cbd06b01c2?s=96&d=mm&r=g\",\"caption\":\"Emilie Arnould\"}}]}<\/script>\n<!-- \/ Yoast SEO plugin. -->","_links":{"self":[{"href":"https:\/\/ecolelibrelamorteau.be\/index.php\/wp-json\/wp\/v2\/posts\/4935"}],"collection":[{"href":"https:\/\/ecolelibrelamorteau.be\/index.php\/wp-json\/wp\/v2\/posts"}],"about":[{"href":"https:\/\/ecolelibrelamorteau.be\/index.php\/wp-json\/wp\/v2\/types\/post"}],"author":[{"embeddable":true,"href":"https:\/\/ecolelibrelamorteau.be\/index.php\/wp-json\/wp\/v2\/users\/15"}],"replies":[{"embeddable":true,"href":"https:\/\/ecolelibrelamorteau.be\/index.php\/wp-json\/wp\/v2\/comments?post=4935"}],"version-history":[{"count":2,"href":"https:\/\/ecolelibrelamorteau.be\/index.php\/wp-json\/wp\/v2\/posts\/4935\/revisions"}],"predecessor-version":[{"id":4941,"href":"https:\/\/ecolelibrelamorteau.be\/index.php\/wp-json\/wp\/v2\/posts\/4935\/revisions\/4941"}],"wp:featuredmedia":[{"embeddable":true,"href":"https:\/\/ecolelibrelamorteau.be\/index.php\/wp-json\/wp\/v2\/media\/4938"}],"wp:attachment":[{"href":"https:\/\/ecolelibrelamorteau.be\/index.php\/wp-json\/wp\/v2\/media?parent=4935"}],"wp:term":[{"taxonomy":"category","embeddable":true,"href":"https:\/\/ecolelibrelamorteau.be\/index.php\/wp-json\/wp\/v2\/categories?post=4935"},{"taxonomy":"post_tag","embeddable":true,"href":"https:\/\/ecolelibrelamorteau.be\/index.php\/wp-json\/wp\/v2\/tags?post=4935"}],"curies":[{"name":"wp","href":"https:\/\/api.w.org\/{rel}","templated":true}]}}