{"id":4824,"date":"2025-04-08T20:14:53","date_gmt":"2025-04-08T18:14:53","guid":{"rendered":"https:\/\/ecolelibrelamorteau.be\/?p=4824"},"modified":"2025-04-08T20:14:53","modified_gmt":"2025-04-08T18:14:53","slug":"rencontre-avec-les-aines-de-la-commune-et-les-enfants-de-lecole","status":"publish","type":"post","link":"https:\/\/ecolelibrelamorteau.be\/index.php\/2025\/04\/08\/rencontre-avec-les-aines-de-la-commune-et-les-enfants-de-lecole\/","title":{"rendered":"Rencontre avec les ain\u00e9s de la commune et les enfants de l\u2019\u00e9cole"},"content":{"rendered":"<p>Ce jeudi 20 f\u00e9vrier, les ain\u00e9s de la commune nous ont accueillis dans leur local.<\/p>\n<p>Nous avons pu comparer la vie d&rsquo;aujourd&rsquo;hui et le vie d&rsquo;autrefois.<\/p>\n<p>Ils nous ont montr\u00e9 beaucoup d&rsquo;objets de leur quotidien ainsi que des jeux de leur \u00e9poque. Nous avons compar\u00e9 nos journ\u00e9es avec les leurs, elles \u00e9taient bien diff\u00e9rentes\u00a0!<\/p>\n<p>Ensuite, ils ont r\u00e9pondu \u00e0 nos nombreuses questions.<\/p>\n<p>Un beau moment de partage qui s&rsquo;est termin\u00e9 par un bon go\u00fbter.<\/p>\n<p>Les \u00e9l\u00e8ves de troisi\u00e8me primaire de l\u2019\u00e9cole libre de Lamorteau<\/p>\n<p>&nbsp;<\/p>\n<p><img loading=\"lazy\" class=\"alignnone wp-image-4826 size-large\" src=\"https:\/\/ecolelibrelamorteau.be\/wp-content\/uploads\/2025\/04\/2.-ecole-libre-Lamorteau-1024x461.jpg\" alt=\"\" width=\"1024\" height=\"461\" srcset=\"https:\/\/ecolelibrelamorteau.be\/wp-content\/uploads\/2025\/04\/2.-ecole-libre-Lamorteau-1024x461.jpg 1024w, https:\/\/ecolelibrelamorteau.be\/wp-content\/uploads\/2025\/04\/2.-ecole-libre-Lamorteau-300x135.jpg 300w, https:\/\/ecolelibrelamorteau.be\/wp-content\/uploads\/2025\/04\/2.-ecole-libre-Lamorteau-768x346.jpg 768w, https:\/\/ecolelibrelamorteau.be\/wp-content\/uploads\/2025\/04\/2.-ecole-libre-Lamorteau-1536x691.jpg 1536w, https:\/\/ecolelibrelamorteau.be\/wp-content\/uploads\/2025\/04\/2.-ecole-libre-Lamorteau-520x234.jpg 520w, https:\/\/ecolelibrelamorteau.be\/wp-content\/uploads\/2025\/04\/2.-ecole-libre-Lamorteau-740x333.jpg 740w, https:\/\/ecolelibrelamorteau.be\/wp-content\/uploads\/2025\/04\/2.-ecole-libre-Lamorteau.jpg 2040w\" sizes=\"(max-width: 1024px) 100vw, 1024px\" \/><img loading=\"lazy\" class=\"alignnone wp-image-4825 size-large\" src=\"https:\/\/ecolelibrelamorteau.be\/wp-content\/uploads\/2025\/04\/1.-ecole-libre-Lamorteau-1024x461.jpg\" alt=\"\" width=\"1024\" height=\"461\" srcset=\"https:\/\/ecolelibrelamorteau.be\/wp-content\/uploads\/2025\/04\/1.-ecole-libre-Lamorteau-1024x461.jpg 1024w, https:\/\/ecolelibrelamorteau.be\/wp-content\/uploads\/2025\/04\/1.-ecole-libre-Lamorteau-300x135.jpg 300w, https:\/\/ecolelibrelamorteau.be\/wp-content\/uploads\/2025\/04\/1.-ecole-libre-Lamorteau-768x346.jpg 768w, https:\/\/ecolelibrelamorteau.be\/wp-content\/uploads\/2025\/04\/1.-ecole-libre-Lamorteau-1536x691.jpg 1536w, https:\/\/ecolelibrelamorteau.be\/wp-content\/uploads\/2025\/04\/1.-ecole-libre-Lamorteau-520x234.jpg 520w, https:\/\/ecolelibrelamorteau.be\/wp-content\/uploads\/2025\/04\/1.-ecole-libre-Lamorteau-740x333.jpg 740w, https:\/\/ecolelibrelamorteau.be\/wp-content\/uploads\/2025\/04\/1.-ecole-libre-Lamorteau.jpg 2040w\" sizes=\"(max-width: 1024px) 100vw, 1024px\" \/><img loading=\"lazy\" class=\"alignnone wp-image-4827 size-large\" src=\"https:\/\/ecolelibrelamorteau.be\/wp-content\/uploads\/2025\/04\/3.-ecole-libre-Lamorteau-1024x461.jpg\" alt=\"\" width=\"1024\" height=\"461\" srcset=\"https:\/\/ecolelibrelamorteau.be\/wp-content\/uploads\/2025\/04\/3.-ecole-libre-Lamorteau-1024x461.jpg 1024w, https:\/\/ecolelibrelamorteau.be\/wp-content\/uploads\/2025\/04\/3.-ecole-libre-Lamorteau-300x135.jpg 300w, https:\/\/ecolelibrelamorteau.be\/wp-content\/uploads\/2025\/04\/3.-ecole-libre-Lamorteau-768x346.jpg 768w, https:\/\/ecolelibrelamorteau.be\/wp-content\/uploads\/2025\/04\/3.-ecole-libre-Lamorteau-1536x691.jpg 1536w, https:\/\/ecolelibrelamorteau.be\/wp-content\/uploads\/2025\/04\/3.-ecole-libre-Lamorteau-520x234.jpg 520w, https:\/\/ecolelibrelamorteau.be\/wp-content\/uploads\/2025\/04\/3.-ecole-libre-Lamorteau-740x333.jpg 740w, https:\/\/ecolelibrelamorteau.be\/wp-content\/uploads\/2025\/04\/3.-ecole-libre-Lamorteau.jpg 2040w\" sizes=\"(max-width: 1024px) 100vw, 1024px\" \/> <img loading=\"lazy\" class=\"aligncenter wp-image-4828 size-large\" src=\"https:\/\/ecolelibrelamorteau.be\/wp-content\/uploads\/2025\/04\/4.-ecole-libre-Lamorteau-461x1024.jpg\" alt=\"\" width=\"461\" height=\"1024\" srcset=\"https:\/\/ecolelibrelamorteau.be\/wp-content\/uploads\/2025\/04\/4.-ecole-libre-Lamorteau-461x1024.jpg 461w, https:\/\/ecolelibrelamorteau.be\/wp-content\/uploads\/2025\/04\/4.-ecole-libre-Lamorteau-135x300.jpg 135w, https:\/\/ecolelibrelamorteau.be\/wp-content\/uploads\/2025\/04\/4.-ecole-libre-Lamorteau-768x1707.jpg 768w, https:\/\/ecolelibrelamorteau.be\/wp-content\/uploads\/2025\/04\/4.-ecole-libre-Lamorteau-691x1536.jpg 691w, https:\/\/ecolelibrelamorteau.be\/wp-content\/uploads\/2025\/04\/4.-ecole-libre-Lamorteau-520x1156.jpg 520w, https:\/\/ecolelibrelamorteau.be\/wp-content\/uploads\/2025\/04\/4.-ecole-libre-Lamorteau-740x1644.jpg 740w, https:\/\/ecolelibrelamorteau.be\/wp-content\/uploads\/2025\/04\/4.-ecole-libre-Lamorteau.jpg 918w\" sizes=\"(max-width: 461px) 100vw, 461px\" \/><\/p>\n","protected":false},"excerpt":{"rendered":"<p>Ce jeudi 20 f\u00e9vrier, les ain\u00e9s de la commune nous ont accueillis dans leur local. Nous avons pu comparer la vie d&rsquo;aujourd&rsquo;hui et le vie d&rsquo;autrefois. Ils nous ont montr\u00e9 beaucoup d&rsquo;objets de leur quotidien<a class=\"read-more\" href=\"https:\/\/ecolelibrelamorteau.be\/index.php\/2025\/04\/08\/rencontre-avec-les-aines-de-la-commune-et-les-enfants-de-lecole\/\">Continue reading<\/a><\/p>\n","protected":false},"author":7,"featured_media":4828,"comment_status":"open","ping_status":"open","sticky":false,"template":"","format":"standard","meta":[],"categories":[1],"tags":[],"yoast_head":"<!-- This site is optimized with the Yoast SEO plugin v15.9 - https:\/\/yoast.com\/wordpress\/plugins\/seo\/ -->\n<title>Rencontre avec les ain\u00e9s de la commune et les enfants de l\u2019\u00e9cole - Ecole libre fondamentale - Lamorteau<\/title>\n<meta name=\"robots\" content=\"index, follow, max-snippet:-1, max-image-preview:large, max-video-preview:-1\" \/>\n<link rel=\"canonical\" href=\"https:\/\/ecolelibrelamorteau.be\/index.php\/2025\/04\/08\/rencontre-avec-les-aines-de-la-commune-et-les-enfants-de-lecole\/\" \/>\n<meta property=\"og:locale\" content=\"fr_FR\" \/>\n<meta property=\"og:type\" content=\"article\" \/>\n<meta property=\"og:title\" content=\"Rencontre avec les ain\u00e9s de la commune et les enfants de l\u2019\u00e9cole - Ecole libre fondamentale - Lamorteau\" \/>\n<meta property=\"og:description\" content=\"Ce jeudi 20 f\u00e9vrier, les ain\u00e9s de la commune nous ont accueillis dans leur local. Nous avons pu comparer la vie d&rsquo;aujourd&rsquo;hui et le vie d&rsquo;autrefois. Ils nous ont montr\u00e9 beaucoup d&rsquo;objets de leur quotidienContinue reading\" \/>\n<meta property=\"og:url\" content=\"https:\/\/ecolelibrelamorteau.be\/index.php\/2025\/04\/08\/rencontre-avec-les-aines-de-la-commune-et-les-enfants-de-lecole\/\" \/>\n<meta property=\"og:site_name\" content=\"Ecole libre fondamentale - Lamorteau\" \/>\n<meta property=\"article:published_time\" content=\"2025-04-08T18:14:53+00:00\" \/>\n<meta property=\"og:image\" content=\"https:\/\/ecolelibrelamorteau.be\/wp-content\/uploads\/2025\/04\/4.-ecole-libre-Lamorteau.jpg\" \/>\n\t<meta property=\"og:image:width\" content=\"918\" \/>\n\t<meta property=\"og:image:height\" content=\"2040\" \/>\n<meta name=\"twitter:card\" content=\"summary_large_image\" \/>\n<meta name=\"twitter:label1\" content=\"Dur\u00e9e de lecture est.\">\n\t<meta name=\"twitter:data1\" content=\"2 minutes\">\n<script type=\"application\/ld+json\" class=\"yoast-schema-graph\">{\"@context\":\"https:\/\/schema.org\",\"@graph\":[{\"@type\":\"WebSite\",\"@id\":\"https:\/\/ecolelibrelamorteau.be\/#website\",\"url\":\"https:\/\/ecolelibrelamorteau.be\/\",\"name\":\"Ecole libre fondamentale - Lamorteau\",\"description\":\"Toutes les fleurs de l&#039;avenir sont dans les semences d&#039;aujourd&#039;hui...\",\"potentialAction\":[{\"@type\":\"SearchAction\",\"target\":\"https:\/\/ecolelibrelamorteau.be\/?s={search_term_string}\",\"query-input\":\"required name=search_term_string\"}],\"inLanguage\":\"fr-FR\"},{\"@type\":\"ImageObject\",\"@id\":\"https:\/\/ecolelibrelamorteau.be\/index.php\/2025\/04\/08\/rencontre-avec-les-aines-de-la-commune-et-les-enfants-de-lecole\/#primaryimage\",\"inLanguage\":\"fr-FR\",\"url\":\"https:\/\/ecolelibrelamorteau.be\/wp-content\/uploads\/2025\/04\/4.-ecole-libre-Lamorteau.jpg\",\"width\":918,\"height\":2040},{\"@type\":\"WebPage\",\"@id\":\"https:\/\/ecolelibrelamorteau.be\/index.php\/2025\/04\/08\/rencontre-avec-les-aines-de-la-commune-et-les-enfants-de-lecole\/#webpage\",\"url\":\"https:\/\/ecolelibrelamorteau.be\/index.php\/2025\/04\/08\/rencontre-avec-les-aines-de-la-commune-et-les-enfants-de-lecole\/\",\"name\":\"Rencontre avec les ain\\u00e9s de la commune et les enfants de l\\u2019\\u00e9cole - Ecole libre fondamentale - Lamorteau\",\"isPartOf\":{\"@id\":\"https:\/\/ecolelibrelamorteau.be\/#website\"},\"primaryImageOfPage\":{\"@id\":\"https:\/\/ecolelibrelamorteau.be\/index.php\/2025\/04\/08\/rencontre-avec-les-aines-de-la-commune-et-les-enfants-de-lecole\/#primaryimage\"},\"datePublished\":\"2025-04-08T18:14:53+00:00\",\"dateModified\":\"2025-04-08T18:14:53+00:00\",\"author\":{\"@id\":\"https:\/\/ecolelibrelamorteau.be\/#\/schema\/person\/8dd8482f5f997d8241c7739de24d2e05\"},\"breadcrumb\":{\"@id\":\"https:\/\/ecolelibrelamorteau.be\/index.php\/2025\/04\/08\/rencontre-avec-les-aines-de-la-commune-et-les-enfants-de-lecole\/#breadcrumb\"},\"inLanguage\":\"fr-FR\",\"potentialAction\":[{\"@type\":\"ReadAction\",\"target\":[\"https:\/\/ecolelibrelamorteau.be\/index.php\/2025\/04\/08\/rencontre-avec-les-aines-de-la-commune-et-les-enfants-de-lecole\/\"]}]},{\"@type\":\"BreadcrumbList\",\"@id\":\"https:\/\/ecolelibrelamorteau.be\/index.php\/2025\/04\/08\/rencontre-avec-les-aines-de-la-commune-et-les-enfants-de-lecole\/#breadcrumb\",\"itemListElement\":[{\"@type\":\"ListItem\",\"position\":1,\"item\":{\"@type\":\"WebPage\",\"@id\":\"https:\/\/ecolelibrelamorteau.be\/\",\"url\":\"https:\/\/ecolelibrelamorteau.be\/\",\"name\":\"Accueil\"}},{\"@type\":\"ListItem\",\"position\":2,\"item\":{\"@type\":\"WebPage\",\"@id\":\"https:\/\/ecolelibrelamorteau.be\/index.php\/2025\/04\/08\/rencontre-avec-les-aines-de-la-commune-et-les-enfants-de-lecole\/\",\"url\":\"https:\/\/ecolelibrelamorteau.be\/index.php\/2025\/04\/08\/rencontre-avec-les-aines-de-la-commune-et-les-enfants-de-lecole\/\",\"name\":\"Rencontre avec les ain\\u00e9s de la commune et les enfants de l\\u2019\\u00e9cole\"}}]},{\"@type\":\"Person\",\"@id\":\"https:\/\/ecolelibrelamorteau.be\/#\/schema\/person\/8dd8482f5f997d8241c7739de24d2e05\",\"name\":\"Sylvianne Blondelet\",\"image\":{\"@type\":\"ImageObject\",\"@id\":\"https:\/\/ecolelibrelamorteau.be\/#personlogo\",\"inLanguage\":\"fr-FR\",\"url\":\"https:\/\/secure.gravatar.com\/avatar\/427dc4f91bff0e85ecaead4c0134611c?s=96&d=mm&r=g\",\"caption\":\"Sylvianne Blondelet\"}}]}<\/script>\n<!-- \/ Yoast SEO plugin. -->","_links":{"self":[{"href":"https:\/\/ecolelibrelamorteau.be\/index.php\/wp-json\/wp\/v2\/posts\/4824"}],"collection":[{"href":"https:\/\/ecolelibrelamorteau.be\/index.php\/wp-json\/wp\/v2\/posts"}],"about":[{"href":"https:\/\/ecolelibrelamorteau.be\/index.php\/wp-json\/wp\/v2\/types\/post"}],"author":[{"embeddable":true,"href":"https:\/\/ecolelibrelamorteau.be\/index.php\/wp-json\/wp\/v2\/users\/7"}],"replies":[{"embeddable":true,"href":"https:\/\/ecolelibrelamorteau.be\/index.php\/wp-json\/wp\/v2\/comments?post=4824"}],"version-history":[{"count":3,"href":"https:\/\/ecolelibrelamorteau.be\/index.php\/wp-json\/wp\/v2\/posts\/4824\/revisions"}],"predecessor-version":[{"id":4831,"href":"https:\/\/ecolelibrelamorteau.be\/index.php\/wp-json\/wp\/v2\/posts\/4824\/revisions\/4831"}],"wp:featuredmedia":[{"embeddable":true,"href":"https:\/\/ecolelibrelamorteau.be\/index.php\/wp-json\/wp\/v2\/media\/4828"}],"wp:attachment":[{"href":"https:\/\/ecolelibrelamorteau.be\/index.php\/wp-json\/wp\/v2\/media?parent=4824"}],"wp:term":[{"taxonomy":"category","embeddable":true,"href":"https:\/\/ecolelibrelamorteau.be\/index.php\/wp-json\/wp\/v2\/categories?post=4824"},{"taxonomy":"post_tag","embeddable":true,"href":"https:\/\/ecolelibrelamorteau.be\/index.php\/wp-json\/wp\/v2\/tags?post=4824"}],"curies":[{"name":"wp","href":"https:\/\/api.w.org\/{rel}","templated":true}]}}