{"id":3618,"date":"2022-11-09T15:34:52","date_gmt":"2022-11-09T14:34:52","guid":{"rendered":"https:\/\/ecolelibrelamorteau.be\/?p=3618"},"modified":"2022-11-09T17:36:20","modified_gmt":"2022-11-09T16:36:20","slug":"ecole-du-dehors-pour-les-2eme-primaire","status":"publish","type":"post","link":"https:\/\/ecolelibrelamorteau.be\/index.php\/2022\/11\/09\/ecole-du-dehors-pour-les-2eme-primaire\/","title":{"rendered":"Ecole du dehors pour les 2\u00e8me primaire"},"content":{"rendered":"<p><img loading=\"lazy\" class=\"alignnone size-medium wp-image-3613\" src=\"https:\/\/ecolelibrelamorteau.be\/wp-content\/uploads\/2022\/11\/20221020_151108-225x300.jpg\" alt=\"\" width=\"225\" height=\"300\" srcset=\"https:\/\/ecolelibrelamorteau.be\/wp-content\/uploads\/2022\/11\/20221020_151108-225x300.jpg 225w, https:\/\/ecolelibrelamorteau.be\/wp-content\/uploads\/2022\/11\/20221020_151108-768x1024.jpg 768w, https:\/\/ecolelibrelamorteau.be\/wp-content\/uploads\/2022\/11\/20221020_151108-1152x1536.jpg 1152w, https:\/\/ecolelibrelamorteau.be\/wp-content\/uploads\/2022\/11\/20221020_151108-1536x2048.jpg 1536w, https:\/\/ecolelibrelamorteau.be\/wp-content\/uploads\/2022\/11\/20221020_151108-520x693.jpg 520w, https:\/\/ecolelibrelamorteau.be\/wp-content\/uploads\/2022\/11\/20221020_151108-740x987.jpg 740w, https:\/\/ecolelibrelamorteau.be\/wp-content\/uploads\/2022\/11\/20221020_151108-scaled.jpg 1920w\" sizes=\"(max-width: 225px) 100vw, 225px\" \/><img loading=\"lazy\" class=\"alignnone size-medium wp-image-3614\" src=\"https:\/\/ecolelibrelamorteau.be\/wp-content\/uploads\/2022\/11\/20221020_151244-225x300.jpg\" alt=\"\" width=\"225\" height=\"300\" srcset=\"https:\/\/ecolelibrelamorteau.be\/wp-content\/uploads\/2022\/11\/20221020_151244-225x300.jpg 225w, https:\/\/ecolelibrelamorteau.be\/wp-content\/uploads\/2022\/11\/20221020_151244-768x1024.jpg 768w, https:\/\/ecolelibrelamorteau.be\/wp-content\/uploads\/2022\/11\/20221020_151244-1152x1536.jpg 1152w, https:\/\/ecolelibrelamorteau.be\/wp-content\/uploads\/2022\/11\/20221020_151244-1536x2048.jpg 1536w, https:\/\/ecolelibrelamorteau.be\/wp-content\/uploads\/2022\/11\/20221020_151244-520x693.jpg 520w, https:\/\/ecolelibrelamorteau.be\/wp-content\/uploads\/2022\/11\/20221020_151244-740x987.jpg 740w, https:\/\/ecolelibrelamorteau.be\/wp-content\/uploads\/2022\/11\/20221020_151244-scaled.jpg 1920w\" sizes=\"(max-width: 225px) 100vw, 225px\" \/><img loading=\"lazy\" class=\"alignnone size-medium wp-image-3615\" src=\"https:\/\/ecolelibrelamorteau.be\/wp-content\/uploads\/2022\/11\/20221020_151617-225x300.jpg\" alt=\"\" width=\"225\" height=\"300\" srcset=\"https:\/\/ecolelibrelamorteau.be\/wp-content\/uploads\/2022\/11\/20221020_151617-225x300.jpg 225w, https:\/\/ecolelibrelamorteau.be\/wp-content\/uploads\/2022\/11\/20221020_151617-768x1024.jpg 768w, https:\/\/ecolelibrelamorteau.be\/wp-content\/uploads\/2022\/11\/20221020_151617-1152x1536.jpg 1152w, https:\/\/ecolelibrelamorteau.be\/wp-content\/uploads\/2022\/11\/20221020_151617-1536x2048.jpg 1536w, https:\/\/ecolelibrelamorteau.be\/wp-content\/uploads\/2022\/11\/20221020_151617-520x693.jpg 520w, https:\/\/ecolelibrelamorteau.be\/wp-content\/uploads\/2022\/11\/20221020_151617-740x987.jpg 740w, https:\/\/ecolelibrelamorteau.be\/wp-content\/uploads\/2022\/11\/20221020_151617-scaled.jpg 1920w\" sizes=\"(max-width: 225px) 100vw, 225px\" \/><img loading=\"lazy\" class=\"alignnone size-medium wp-image-3616\" src=\"https:\/\/ecolelibrelamorteau.be\/wp-content\/uploads\/2022\/11\/20221020_151734-225x300.jpg\" alt=\"\" width=\"225\" height=\"300\" srcset=\"https:\/\/ecolelibrelamorteau.be\/wp-content\/uploads\/2022\/11\/20221020_151734-225x300.jpg 225w, https:\/\/ecolelibrelamorteau.be\/wp-content\/uploads\/2022\/11\/20221020_151734-768x1024.jpg 768w, https:\/\/ecolelibrelamorteau.be\/wp-content\/uploads\/2022\/11\/20221020_151734-1152x1536.jpg 1152w, https:\/\/ecolelibrelamorteau.be\/wp-content\/uploads\/2022\/11\/20221020_151734-1536x2048.jpg 1536w, https:\/\/ecolelibrelamorteau.be\/wp-content\/uploads\/2022\/11\/20221020_151734-520x693.jpg 520w, https:\/\/ecolelibrelamorteau.be\/wp-content\/uploads\/2022\/11\/20221020_151734-740x987.jpg 740w, https:\/\/ecolelibrelamorteau.be\/wp-content\/uploads\/2022\/11\/20221020_151734-scaled.jpg 1920w\" sizes=\"(max-width: 225px) 100vw, 225px\" \/><img loading=\"lazy\" class=\"alignnone size-medium wp-image-3617\" src=\"https:\/\/ecolelibrelamorteau.be\/wp-content\/uploads\/2022\/11\/20221020_151803-225x300.jpg\" alt=\"\" width=\"225\" height=\"300\" srcset=\"https:\/\/ecolelibrelamorteau.be\/wp-content\/uploads\/2022\/11\/20221020_151803-225x300.jpg 225w, https:\/\/ecolelibrelamorteau.be\/wp-content\/uploads\/2022\/11\/20221020_151803-768x1024.jpg 768w, https:\/\/ecolelibrelamorteau.be\/wp-content\/uploads\/2022\/11\/20221020_151803-1152x1536.jpg 1152w, https:\/\/ecolelibrelamorteau.be\/wp-content\/uploads\/2022\/11\/20221020_151803-1536x2048.jpg 1536w, https:\/\/ecolelibrelamorteau.be\/wp-content\/uploads\/2022\/11\/20221020_151803-520x693.jpg 520w, https:\/\/ecolelibrelamorteau.be\/wp-content\/uploads\/2022\/11\/20221020_151803-740x987.jpg 740w, https:\/\/ecolelibrelamorteau.be\/wp-content\/uploads\/2022\/11\/20221020_151803-scaled.jpg 1920w\" sizes=\"(max-width: 225px) 100vw, 225px\" \/><\/p>\n<p>R\u00e9alisation d&rsquo;une \u0153uvre d&rsquo;art \u00e0 partir d&rsquo;\u00e9l\u00e9ments de la nature.<\/p>\n<div id=\"ConnectiveDocSignExtentionInstalled\" data-extension-version=\"1.0.4\"><\/div>\n","protected":false},"excerpt":{"rendered":"<p>R\u00e9alisation d&rsquo;une \u0153uvre d&rsquo;art \u00e0 partir d&rsquo;\u00e9l\u00e9ments de la nature.<\/p>\n","protected":false},"author":6,"featured_media":3614,"comment_status":"open","ping_status":"open","sticky":false,"template":"","format":"standard","meta":[],"categories":[3],"tags":[],"yoast_head":"<!-- This site is optimized with the Yoast SEO plugin v15.9 - https:\/\/yoast.com\/wordpress\/plugins\/seo\/ -->\n<title>Ecole du dehors pour les 2\u00e8me primaire - Ecole libre fondamentale - Lamorteau<\/title>\n<meta name=\"description\" content=\"Ecole du dehors\" \/>\n<meta name=\"robots\" content=\"index, follow, max-snippet:-1, max-image-preview:large, max-video-preview:-1\" \/>\n<link rel=\"canonical\" href=\"https:\/\/ecolelibrelamorteau.be\/index.php\/2022\/11\/09\/ecole-du-dehors-pour-les-2eme-primaire\/\" \/>\n<meta property=\"og:locale\" content=\"fr_FR\" \/>\n<meta property=\"og:type\" content=\"article\" \/>\n<meta property=\"og:title\" content=\"Ecole du dehors pour les 2\u00e8me primaire - Ecole libre fondamentale - Lamorteau\" \/>\n<meta property=\"og:description\" content=\"Ecole du dehors\" \/>\n<meta property=\"og:url\" content=\"https:\/\/ecolelibrelamorteau.be\/index.php\/2022\/11\/09\/ecole-du-dehors-pour-les-2eme-primaire\/\" \/>\n<meta property=\"og:site_name\" content=\"Ecole libre fondamentale - Lamorteau\" \/>\n<meta property=\"article:published_time\" content=\"2022-11-09T14:34:52+00:00\" \/>\n<meta property=\"article:modified_time\" content=\"2022-11-09T16:36:20+00:00\" \/>\n<meta property=\"og:image\" content=\"https:\/\/ecolelibrelamorteau.be\/wp-content\/uploads\/2022\/11\/20221020_151244-scaled.jpg\" \/>\n\t<meta property=\"og:image:width\" content=\"1920\" \/>\n\t<meta property=\"og:image:height\" content=\"2560\" \/>\n<meta name=\"twitter:card\" content=\"summary_large_image\" \/>\n<meta name=\"twitter:label1\" content=\"Dur\u00e9e de lecture est.\">\n\t<meta name=\"twitter:data1\" content=\"2 minutes\">\n<script type=\"application\/ld+json\" class=\"yoast-schema-graph\">{\"@context\":\"https:\/\/schema.org\",\"@graph\":[{\"@type\":\"WebSite\",\"@id\":\"https:\/\/ecolelibrelamorteau.be\/#website\",\"url\":\"https:\/\/ecolelibrelamorteau.be\/\",\"name\":\"Ecole libre fondamentale - Lamorteau\",\"description\":\"Toutes les fleurs de l&#039;avenir sont dans les semences d&#039;aujourd&#039;hui...\",\"potentialAction\":[{\"@type\":\"SearchAction\",\"target\":\"https:\/\/ecolelibrelamorteau.be\/?s={search_term_string}\",\"query-input\":\"required name=search_term_string\"}],\"inLanguage\":\"fr-FR\"},{\"@type\":\"ImageObject\",\"@id\":\"https:\/\/ecolelibrelamorteau.be\/index.php\/2022\/11\/09\/ecole-du-dehors-pour-les-2eme-primaire\/#primaryimage\",\"inLanguage\":\"fr-FR\",\"url\":\"https:\/\/ecolelibrelamorteau.be\/wp-content\/uploads\/2022\/11\/20221020_151244-scaled.jpg\",\"width\":1920,\"height\":2560},{\"@type\":\"WebPage\",\"@id\":\"https:\/\/ecolelibrelamorteau.be\/index.php\/2022\/11\/09\/ecole-du-dehors-pour-les-2eme-primaire\/#webpage\",\"url\":\"https:\/\/ecolelibrelamorteau.be\/index.php\/2022\/11\/09\/ecole-du-dehors-pour-les-2eme-primaire\/\",\"name\":\"Ecole du dehors pour les 2\\u00e8me primaire - Ecole libre fondamentale - Lamorteau\",\"isPartOf\":{\"@id\":\"https:\/\/ecolelibrelamorteau.be\/#website\"},\"primaryImageOfPage\":{\"@id\":\"https:\/\/ecolelibrelamorteau.be\/index.php\/2022\/11\/09\/ecole-du-dehors-pour-les-2eme-primaire\/#primaryimage\"},\"datePublished\":\"2022-11-09T14:34:52+00:00\",\"dateModified\":\"2022-11-09T16:36:20+00:00\",\"author\":{\"@id\":\"https:\/\/ecolelibrelamorteau.be\/#\/schema\/person\/1cdf6ffa5779cfb82068f19e275e0900\"},\"description\":\"Ecole du dehors\",\"breadcrumb\":{\"@id\":\"https:\/\/ecolelibrelamorteau.be\/index.php\/2022\/11\/09\/ecole-du-dehors-pour-les-2eme-primaire\/#breadcrumb\"},\"inLanguage\":\"fr-FR\",\"potentialAction\":[{\"@type\":\"ReadAction\",\"target\":[\"https:\/\/ecolelibrelamorteau.be\/index.php\/2022\/11\/09\/ecole-du-dehors-pour-les-2eme-primaire\/\"]}]},{\"@type\":\"BreadcrumbList\",\"@id\":\"https:\/\/ecolelibrelamorteau.be\/index.php\/2022\/11\/09\/ecole-du-dehors-pour-les-2eme-primaire\/#breadcrumb\",\"itemListElement\":[{\"@type\":\"ListItem\",\"position\":1,\"item\":{\"@type\":\"WebPage\",\"@id\":\"https:\/\/ecolelibrelamorteau.be\/\",\"url\":\"https:\/\/ecolelibrelamorteau.be\/\",\"name\":\"Accueil\"}},{\"@type\":\"ListItem\",\"position\":2,\"item\":{\"@type\":\"WebPage\",\"@id\":\"https:\/\/ecolelibrelamorteau.be\/index.php\/2022\/11\/09\/ecole-du-dehors-pour-les-2eme-primaire\/\",\"url\":\"https:\/\/ecolelibrelamorteau.be\/index.php\/2022\/11\/09\/ecole-du-dehors-pour-les-2eme-primaire\/\",\"name\":\"Ecole du dehors pour les 2\\u00e8me primaire\"}}]},{\"@type\":\"Person\",\"@id\":\"https:\/\/ecolelibrelamorteau.be\/#\/schema\/person\/1cdf6ffa5779cfb82068f19e275e0900\",\"name\":\"Aur\\u00e9lie Anciaux\",\"image\":{\"@type\":\"ImageObject\",\"@id\":\"https:\/\/ecolelibrelamorteau.be\/#personlogo\",\"inLanguage\":\"fr-FR\",\"url\":\"https:\/\/secure.gravatar.com\/avatar\/81617d68eeda32538b7b5360bb54ebfb?s=96&d=mm&r=g\",\"caption\":\"Aur\\u00e9lie Anciaux\"}}]}<\/script>\n<!-- \/ Yoast SEO plugin. -->","_links":{"self":[{"href":"https:\/\/ecolelibrelamorteau.be\/index.php\/wp-json\/wp\/v2\/posts\/3618"}],"collection":[{"href":"https:\/\/ecolelibrelamorteau.be\/index.php\/wp-json\/wp\/v2\/posts"}],"about":[{"href":"https:\/\/ecolelibrelamorteau.be\/index.php\/wp-json\/wp\/v2\/types\/post"}],"author":[{"embeddable":true,"href":"https:\/\/ecolelibrelamorteau.be\/index.php\/wp-json\/wp\/v2\/users\/6"}],"replies":[{"embeddable":true,"href":"https:\/\/ecolelibrelamorteau.be\/index.php\/wp-json\/wp\/v2\/comments?post=3618"}],"version-history":[{"count":2,"href":"https:\/\/ecolelibrelamorteau.be\/index.php\/wp-json\/wp\/v2\/posts\/3618\/revisions"}],"predecessor-version":[{"id":3620,"href":"https:\/\/ecolelibrelamorteau.be\/index.php\/wp-json\/wp\/v2\/posts\/3618\/revisions\/3620"}],"wp:featuredmedia":[{"embeddable":true,"href":"https:\/\/ecolelibrelamorteau.be\/index.php\/wp-json\/wp\/v2\/media\/3614"}],"wp:attachment":[{"href":"https:\/\/ecolelibrelamorteau.be\/index.php\/wp-json\/wp\/v2\/media?parent=3618"}],"wp:term":[{"taxonomy":"category","embeddable":true,"href":"https:\/\/ecolelibrelamorteau.be\/index.php\/wp-json\/wp\/v2\/categories?post=3618"},{"taxonomy":"post_tag","embeddable":true,"href":"https:\/\/ecolelibrelamorteau.be\/index.php\/wp-json\/wp\/v2\/tags?post=3618"}],"curies":[{"name":"wp","href":"https:\/\/api.w.org\/{rel}","templated":true}]}}